{"id":1344,"date":"2016-09-04T20:17:21","date_gmt":"2016-09-04T19:17:21","guid":{"rendered":"http:\/\/rythmique.ch\/?p=1344"},"modified":"2017-03-05T21:20:19","modified_gmt":"2017-03-05T20:20:19","slug":"concert-deux-pianos","status":"publish","type":"post","link":"https:\/\/rythmique.ch\/newSite\/concert-deux-pianos\/","title":{"rendered":"concert deux pianos"},"content":{"rendered":"<p><!--more--><\/p>\n<div>\n<div>Nous vous invitons chaleureusement \u00e0 venir le 26 f\u00e9vrier prochain \u00e0 17h, \u00e0 l&#8217;Institut Jaques-Dalcroze, \u00e0 la salle de r\u00e9cital, pour un concert \u00e0 deux pianos, donn\u00e9 en faveur de l&#8217;Association.<\/div>\n<div><\/div>\n<div><a href=\"http:\/\/rythmique.ch\/newSite\/wp-content\/uploads\/2017\/02\/Verso.IJD_.3.jpg\" target=\"_blank\">Plus d&#8217;infos<\/a><\/div>\n<div><\/div>\n<div><\/div>\n<\/div>\n","protected":false},"excerpt":{"rendered":"Nous vous invitons chaleureusement \u00e0 venir le 26 f\u00e9vrier prochain \u00e0 17h, \u00e0 l'Institut Jaques-Dalcroze, \u00e0 la salle de r\u00e9cital, pour un concert \u00e0 deux...<p class=\"readmore\"><a class=\"more-btn\" href=\"https:\/\/rythmique.ch\/newSite\/concert-deux-pianos\/\">Read More<\/a><\/p>","protected":false},"author":1,"featured_media":1342,"comment_status":"open","ping_status":"open","sticky":false,"template":"","format":"standard","meta":{"footnotes":""},"categories":[15,17],"tags":[],"class_list":["post-1344","post","type-post","status-publish","format-standard","has-post-thumbnail","hentry","category-ijd","category-spectacle"],"_links":{"self":[{"href":"https:\/\/rythmique.ch\/newSite\/wp-json\/wp\/v2\/posts\/1344","targetHints":{"allow":["GET"]}}],"collection":[{"href":"https:\/\/rythmique.ch\/newSite\/wp-json\/wp\/v2\/posts"}],"about":[{"href":"https:\/\/rythmique.ch\/newSite\/wp-json\/wp\/v2\/types\/post"}],"author":[{"embeddable":true,"href":"https:\/\/rythmique.ch\/newSite\/wp-json\/wp\/v2\/users\/1"}],"replies":[{"embeddable":true,"href":"https:\/\/rythmique.ch\/newSite\/wp-json\/wp\/v2\/comments?post=1344"}],"version-history":[{"count":3,"href":"https:\/\/rythmique.ch\/newSite\/wp-json\/wp\/v2\/posts\/1344\/revisions"}],"predecessor-version":[{"id":1351,"href":"https:\/\/rythmique.ch\/newSite\/wp-json\/wp\/v2\/posts\/1344\/revisions\/1351"}],"wp:featuredmedia":[{"embeddable":true,"href":"https:\/\/rythmique.ch\/newSite\/wp-json\/wp\/v2\/media\/1342"}],"wp:attachment":[{"href":"https:\/\/rythmique.ch\/newSite\/wp-json\/wp\/v2\/media?parent=1344"}],"wp:term":[{"taxonomy":"category","embeddable":true,"href":"https:\/\/rythmique.ch\/newSite\/wp-json\/wp\/v2\/categories?post=1344"},{"taxonomy":"post_tag","embeddable":true,"href":"https:\/\/rythmique.ch\/newSite\/wp-json\/wp\/v2\/tags?post=1344"}],"curies":[{"name":"wp","href":"https:\/\/api.w.org\/{rel}","templated":true}]}}