{"id":268,"date":"2015-01-11T10:08:46","date_gmt":"2015-01-11T10:08:46","guid":{"rendered":"http:\/\/rythmique.ch\/newSite\/?p=268"},"modified":"2015-07-30T09:45:08","modified_gmt":"2015-07-30T09:45:08","slug":"lijd-fete-100-ans","status":"publish","type":"post","link":"https:\/\/rythmique.ch\/newSite\/lijd-fete-100-ans\/","title":{"rendered":"l&#8217;ijd f\u00eate 100 ans"},"content":{"rendered":"<p><!--more--><\/p>\n<h1>2015: l&#8217;ijd f\u00eate 100 ans de p\u00e9dagogie musicale et de foisonnement artistique<\/h1>\n<h2>Exposition, performances, spectacles s&#8217;inscriront au coeur de la cit\u00e9 entre janvier et juillet 2015.<\/h2>\n<p>Les rendez-vous \u00e0 noter dans vos agendas:<\/p>\n<p><a href=\"http:\/\/www.dalcroze.ch\/bam\/\">BAM! l\u2019exposition \u00e9bouriffante et sonore<\/a><br \/>\ndu 16 janvier au 17 avril<\/p>\n<p><a href=\"http:\/\/www.dalcroze.ch\/paf\/\">PAF! la performance atypique et festive<\/a><br \/>\nvendredi 23 janvier<\/p>\n<p><a href=\"http:\/\/www.dalcroze.ch\/et-toc\/\">et TOC! le spectacle frais et \u00e9pic\u00e9<\/a><br \/>\ndu 24 au 29 mars<\/p>\n<p><a href=\"http:\/\/www.dalcroze.ch\/croa\/\">CR\u00d4A! les enfants de la nuit<\/a><br \/>\ndu 17 au 19 avril<\/p>\n<p><a href=\"http:\/\/www.dalcroze.ch\/pop\/\">POP! la f\u00eate remuante et gonfl\u00e9e<\/a><br \/>\ndu 9 au 10 mai<\/p>\n<p><a href=\"http:\/\/www.dalcroze.ch\/pan\/\">PAN&#8230; dans l\u2019Emile !<\/a><br \/>\ndu 19 au 21 juin<\/p>\n<p><a href=\"http:\/\/www.dalcroze.ch\/waouh\/\">WAOUH! le congr\u00e8s pointu et revigorant<\/a><br \/>\ndu 20 au 24 juillet<\/p>\n<p>&nbsp;<\/p>\n<p>PLUS D&#8217;INFORMATIONS.<\/p>\n<blockquote class=\"wp-embedded-content\" data-secret=\"pvwWGNRdER\"><p><a href=\"https:\/\/www.dalcroze.ch\/ijd-2015\/\">events 100e_2015<\/a><\/p><\/blockquote>\n<p><iframe loading=\"lazy\" class=\"wp-embedded-content\" sandbox=\"allow-scripts\" security=\"restricted\" style=\"position: absolute; visibility: hidden;\" title=\"\u00ab\u00a0events 100e_2015\u00a0\u00bb &#8212; Institut Jaques-Dalcroze\" src=\"https:\/\/www.dalcroze.ch\/ijd-2015\/embed\/#?secret=Zltk3zmALW#?secret=pvwWGNRdER\" data-secret=\"pvwWGNRdER\" width=\"500\" height=\"282\" frameborder=\"0\" marginwidth=\"0\" marginheight=\"0\" scrolling=\"no\"><\/iframe><\/p>\n","protected":false},"excerpt":{"rendered":"2015: l'ijd f\u00eate 100 ans de p\u00e9dagogie musicale et de foisonnement artistique Exposition, performances, spectacles s'inscriront au coeur de la cit\u00e9 entre janvier et juillet...<p class=\"readmore\"><a class=\"more-btn\" href=\"https:\/\/rythmique.ch\/newSite\/lijd-fete-100-ans\/\">Read More<\/a><\/p>","protected":false},"author":2,"featured_media":269,"comment_status":"closed","ping_status":"open","sticky":false,"template":"","format":"standard","meta":{"footnotes":""},"categories":[15],"tags":[],"class_list":["post-268","post","type-post","status-publish","format-standard","has-post-thumbnail","hentry","category-ijd"],"_links":{"self":[{"href":"https:\/\/rythmique.ch\/newSite\/wp-json\/wp\/v2\/posts\/268","targetHints":{"allow":["GET"]}}],"collection":[{"href":"https:\/\/rythmique.ch\/newSite\/wp-json\/wp\/v2\/posts"}],"about":[{"href":"https:\/\/rythmique.ch\/newSite\/wp-json\/wp\/v2\/types\/post"}],"author":[{"embeddable":true,"href":"https:\/\/rythmique.ch\/newSite\/wp-json\/wp\/v2\/users\/2"}],"replies":[{"embeddable":true,"href":"https:\/\/rythmique.ch\/newSite\/wp-json\/wp\/v2\/comments?post=268"}],"version-history":[{"count":6,"href":"https:\/\/rythmique.ch\/newSite\/wp-json\/wp\/v2\/posts\/268\/revisions"}],"predecessor-version":[{"id":281,"href":"https:\/\/rythmique.ch\/newSite\/wp-json\/wp\/v2\/posts\/268\/revisions\/281"}],"wp:featuredmedia":[{"embeddable":true,"href":"https:\/\/rythmique.ch\/newSite\/wp-json\/wp\/v2\/media\/269"}],"wp:attachment":[{"href":"https:\/\/rythmique.ch\/newSite\/wp-json\/wp\/v2\/media?parent=268"}],"wp:term":[{"taxonomy":"category","embeddable":true,"href":"https:\/\/rythmique.ch\/newSite\/wp-json\/wp\/v2\/categories?post=268"},{"taxonomy":"post_tag","embeddable":true,"href":"https:\/\/rythmique.ch\/newSite\/wp-json\/wp\/v2\/tags?post=268"}],"curies":[{"name":"wp","href":"https:\/\/api.w.org\/{rel}","templated":true}]}}