{"id":992,"date":"2015-12-03T18:37:02","date_gmt":"2015-12-03T18:37:02","guid":{"rendered":"http:\/\/rythmique.ch\/?p=992"},"modified":"2016-03-06T13:46:14","modified_gmt":"2016-03-06T13:46:14","slug":"cabaret-jaques-dalcroze","status":"publish","type":"post","link":"https:\/\/rythmique.ch\/newSite\/cabaret-jaques-dalcroze\/","title":{"rendered":"Cabaret Jaques-Dalcroze"},"content":{"rendered":"<p><!--more--><\/p>\n<p><a href=\"http:\/\/rythmique.ch\/newSite\/wp-content\/uploads\/2015\/11\/IMG_0153.jpg\" target=\"_blank\">descriptif<\/a><\/p>\n<p><span class=\"Apple-style-span\" style=\"font-size: large;\"><b>Pour la premi\u00e8re fois \u00e0 Lausanne depuis &#8230; 1940 !!<\/b><\/span><\/p>\n<div><span class=\"Apple-style-span\" style=\"font-size: large;\">\u00a0<\/span><\/div>\n<div><b>Le Concerto pour violon n\u00b02 &#8220;Po\u00e8me&#8221;\u00a0<\/b><\/div>\n<div><span class=\"Apple-style-span\" style=\"font-size: x-large;\"><b>d&#8217;Emile Jaques-Dalcroze<\/b><\/span><\/div>\n<div><span class=\"Apple-style-span\" style=\"font-size: large;\">\u00a0<\/span><\/div>\n<div><span class=\"Apple-style-span\" style=\"font-size: large;\">Une pi\u00e8ce impressionniste aux sonorit\u00e9s \u00e9voquant Ernest Chausson et Gabriel Faur\u00e9,\u00a0<\/span>\u00e0 red\u00e9couvrir \u00e0 l&#8217;occasion des festivit\u00e9s marquant le 150\u00e8me anniversaire de la naissance d&#8217;Emile Jaques-Dalcroze.<\/div>\n<div><span class=\"Apple-style-span\" style=\"font-size: large;\">\u00a0<\/span><\/div>\n<div><span class=\"Apple-style-span\" style=\"font-size: x-large;\"><b>Sinfonietta de Lausanne<\/b><\/span><span class=\"Apple-style-span\" style=\"font-size: large;\">\u00a0sous la direction de\u00a0<\/span><span class=\"Apple-style-span\" style=\"font-size: x-large;\"><b>Marc Leroy-Calatayud<\/b><\/span><span class=\"Apple-style-span\" style=\"font-size: large;\">, un\u00a0talentueux jeune chef lausannois.<\/span><\/div>\n<div><span class=\"Apple-style-span\" style=\"font-size: large;\">Avec en soliste\u00a0<\/span><span class=\"Apple-style-span\" style=\"font-size: x-large;\"><b>Alexandra Soumm<\/b><\/span><span class=\"Apple-style-span\" style=\"font-size: large;\">, brillante et charismatique violoniste pass\u00e9e notamment par le Verbier Festival.<\/span><\/div>\n<div><span class=\"Apple-style-span\" style=\"font-size: large;\">\u00a0<\/span><\/div>\n<div><\/div>\n<div>R\u00e9servation vivement recommand\u00e9e.<\/div>\n<div><\/div>\n<div><a href=\"mailto:caroline@dalcroze150.ch\">caroline@dalcroze150.ch<\/a><\/div>\n<div><a href=\"http:\/\/www.dalcroze150.ch\/\">www.dalcroze150.ch<\/a><\/div>\n<div><\/div>\n","protected":false},"excerpt":{"rendered":"descriptif Pour la premi\u00e8re fois \u00e0 Lausanne depuis ... 1940 !! \u00a0 Le Concerto pour violon n\u00b02 \"Po\u00e8me\"\u00a0 d'Emile Jaques-Dalcroze \u00a0 Une pi\u00e8ce impressionniste aux...<p class=\"readmore\"><a class=\"more-btn\" href=\"https:\/\/rythmique.ch\/newSite\/cabaret-jaques-dalcroze\/\">Read More<\/a><\/p>","protected":false},"author":2,"featured_media":991,"comment_status":"open","ping_status":"open","sticky":false,"template":"","format":"standard","meta":{"footnotes":""},"categories":[17],"tags":[],"class_list":["post-992","post","type-post","status-publish","format-standard","has-post-thumbnail","hentry","category-spectacle"],"_links":{"self":[{"href":"https:\/\/rythmique.ch\/newSite\/wp-json\/wp\/v2\/posts\/992","targetHints":{"allow":["GET"]}}],"collection":[{"href":"https:\/\/rythmique.ch\/newSite\/wp-json\/wp\/v2\/posts"}],"about":[{"href":"https:\/\/rythmique.ch\/newSite\/wp-json\/wp\/v2\/types\/post"}],"author":[{"embeddable":true,"href":"https:\/\/rythmique.ch\/newSite\/wp-json\/wp\/v2\/users\/2"}],"replies":[{"embeddable":true,"href":"https:\/\/rythmique.ch\/newSite\/wp-json\/wp\/v2\/comments?post=992"}],"version-history":[{"count":6,"href":"https:\/\/rythmique.ch\/newSite\/wp-json\/wp\/v2\/posts\/992\/revisions"}],"predecessor-version":[{"id":998,"href":"https:\/\/rythmique.ch\/newSite\/wp-json\/wp\/v2\/posts\/992\/revisions\/998"}],"wp:featuredmedia":[{"embeddable":true,"href":"https:\/\/rythmique.ch\/newSite\/wp-json\/wp\/v2\/media\/991"}],"wp:attachment":[{"href":"https:\/\/rythmique.ch\/newSite\/wp-json\/wp\/v2\/media?parent=992"}],"wp:term":[{"taxonomy":"category","embeddable":true,"href":"https:\/\/rythmique.ch\/newSite\/wp-json\/wp\/v2\/categories?post=992"},{"taxonomy":"post_tag","embeddable":true,"href":"https:\/\/rythmique.ch\/newSite\/wp-json\/wp\/v2\/tags?post=992"}],"curies":[{"name":"wp","href":"https:\/\/api.w.org\/{rel}","templated":true}]}}